{"id":4843,"date":"2024-12-09T11:24:14","date_gmt":"2024-12-09T10:24:14","guid":{"rendered":"https:\/\/ruba-thermoplast.ch\/?p=4843"},"modified":"2024-12-19T08:26:30","modified_gmt":"2024-12-19T07:26:30","slug":"die-naechste-pcd-messe-in-paris-steht-vor-der-tuer","status":"publish","type":"post","link":"https:\/\/ruba-thermoplast.ch\/de\/die-naechste-pcd-messe-in-paris-steht-vor-der-tuer\/","title":{"rendered":"Die n\u00e4chste PCD Messe in Paris steht vor der T\u00fcr \u00a0"},"content":{"rendered":"\t\t<div data-elementor-type=\"wp-post\" data-elementor-id=\"4843\" class=\"elementor elementor-4843\" data-elementor-post-type=\"post\">\n\t\t\t\t\t\t<section class=\"elementor-section elementor-top-section elementor-element elementor-element-1358247 elementor-section-full_width elementor-section-height-min-height elementor-section-height-default elementor-section-items-middle\" data-id=\"1358247\" data-element_type=\"section\" data-settings=\"{&quot;background_background&quot;:&quot;video&quot;,&quot;background_video_link&quot;:&quot;https:\\\/\\\/ruba-thermoplast.ch\\\/wp-content\\\/uploads\\\/2022\\\/05\\\/main.mp4&quot;,&quot;background_play_on_mobile&quot;:&quot;yes&quot;,&quot;jet_parallax_layout_list&quot;:[]}\">\n\t\t\t\t\t\t\t\t<div class=\"elementor-background-video-container\">\n\t\t\t\t\t\t\t\t\t\t\t\t\t<video class=\"elementor-background-video-hosted\" autoplay muted playsinline loop><\/video>\n\t\t\t\t\t\t\t\t\t\t\t<\/div>\n\t\t\t\t\t\t\t\t\t<div class=\"elementor-background-overlay\"><\/div>\n\t\t\t\t\t\t\t<div class=\"elementor-container elementor-column-gap-default\">\n\t\t\t\t\t<div class=\"elementor-column elementor-col-100 elementor-top-column elementor-element elementor-element-72bb3a1c\" data-id=\"72bb3a1c\" data-element_type=\"column\">\n\t\t\t<div class=\"elementor-widget-wrap elementor-element-populated\">\n\t\t\t\t\t\t\t<\/div>\n\t\t<\/div>\n\t\t\t\t\t<\/div>\n\t\t<\/section>\n\t\t\t\t<section class=\"elementor-section elementor-top-section elementor-element elementor-element-5bceba9d elementor-section-boxed elementor-section-height-default elementor-section-height-default\" data-id=\"5bceba9d\" data-element_type=\"section\" data-settings=\"{&quot;jet_parallax_layout_list&quot;:[],&quot;background_background&quot;:&quot;classic&quot;}\">\n\t\t\t\t\t\t<div class=\"elementor-container elementor-column-gap-default\">\n\t\t\t\t\t<div class=\"elementor-column elementor-col-100 elementor-top-column elementor-element elementor-element-256e9f7c\" data-id=\"256e9f7c\" data-element_type=\"column\">\n\t\t\t<div class=\"elementor-widget-wrap\">\n\t\t\t\t\t\t\t<\/div>\n\t\t<\/div>\n\t\t\t\t\t<\/div>\n\t\t<\/section>\n\t\t\t\t<section class=\"elementor-section elementor-top-section elementor-element elementor-element-4a3804c4 elementor-section-boxed elementor-section-height-default elementor-section-height-default\" data-id=\"4a3804c4\" data-element_type=\"section\" data-settings=\"{&quot;jet_parallax_layout_list&quot;:[],&quot;background_background&quot;:&quot;classic&quot;}\">\n\t\t\t\t\t\t<div class=\"elementor-container elementor-column-gap-default\">\n\t\t\t\t\t<div class=\"elementor-column elementor-col-100 elementor-top-column elementor-element elementor-element-1555cefb\" data-id=\"1555cefb\" data-element_type=\"column\">\n\t\t\t<div class=\"elementor-widget-wrap elementor-element-populated\">\n\t\t\t\t\t\t<div class=\"elementor-element elementor-element-fa9e0e9 elementor-headline--style-highlight elementor-widget elementor-widget-animated-headline\" data-id=\"fa9e0e9\" data-element_type=\"widget\" data-settings=\"{&quot;highlighted_text&quot;:&quot;Die n\\u00e4chste PCD Messe in Paris steht vor der T\\u00fcr  &quot;,&quot;headline_style&quot;:&quot;highlight&quot;,&quot;marker&quot;:&quot;circle&quot;,&quot;loop&quot;:&quot;yes&quot;,&quot;highlight_animation_duration&quot;:1200,&quot;highlight_iteration_delay&quot;:8000}\" data-widget_type=\"animated-headline.default\">\n\t\t\t\t<div class=\"elementor-widget-container\">\n\t\t\t\t\t\t\t<h3 class=\"elementor-headline\">\n\t\t\t\t<span class=\"elementor-headline-dynamic-wrapper elementor-headline-text-wrapper\">\n\t\t\t\t\t<span class=\"elementor-headline-dynamic-text elementor-headline-text-active\">Die n\u00e4chste PCD Messe in Paris steht vor der T\u00fcr  <\/span>\n\t\t\t\t<\/span>\n\t\t\t\t<\/h3>\n\t\t\t\t\t\t<\/div>\n\t\t\t\t<\/div>\n\t\t\t\t\t<\/div>\n\t\t<\/div>\n\t\t\t\t\t<\/div>\n\t\t<\/section>\n\t\t\t\t<section class=\"elementor-section elementor-top-section elementor-element elementor-element-74eceef8 elementor-section-boxed elementor-section-height-default elementor-section-height-default\" data-id=\"74eceef8\" data-element_type=\"section\" data-settings=\"{&quot;jet_parallax_layout_list&quot;:[],&quot;background_background&quot;:&quot;classic&quot;}\">\n\t\t\t\t\t\t<div class=\"elementor-container elementor-column-gap-default\">\n\t\t\t\t\t<div class=\"elementor-column elementor-col-50 elementor-top-column elementor-element elementor-element-2087e1fc\" data-id=\"2087e1fc\" data-element_type=\"column\">\n\t\t\t<div class=\"elementor-widget-wrap elementor-element-populated\">\n\t\t\t\t\t\t<div class=\"elementor-element elementor-element-3a7408e2 elementor-widget elementor-widget-image\" data-id=\"3a7408e2\" data-element_type=\"widget\" data-widget_type=\"image.default\">\n\t\t\t\t<div class=\"elementor-widget-container\">\n\t\t\t\t\t\t\t\t\t\t\t\t\t\t\t<img fetchpriority=\"high\" decoding=\"async\" width=\"756\" height=\"756\" src=\"https:\/\/ruba-thermoplast.ch\/wp-content\/uploads\/2024\/12\/2024_03_3.jpg\" class=\"attachment-large size-large wp-image-4979\" alt=\"\" srcset=\"https:\/\/ruba-thermoplast.ch\/wp-content\/uploads\/2024\/12\/2024_03_3.jpg 756w, https:\/\/ruba-thermoplast.ch\/wp-content\/uploads\/2024\/12\/2024_03_3-300x300.jpg 300w, https:\/\/ruba-thermoplast.ch\/wp-content\/uploads\/2024\/12\/2024_03_3-150x150.jpg 150w, https:\/\/ruba-thermoplast.ch\/wp-content\/uploads\/2024\/12\/2024_03_3-12x12.jpg 12w, https:\/\/ruba-thermoplast.ch\/wp-content\/uploads\/2024\/12\/2024_03_3-700x700.jpg 700w\" sizes=\"(max-width: 756px) 100vw, 756px\" \/>\t\t\t\t\t\t\t\t\t\t\t\t\t\t\t<\/div>\n\t\t\t\t<\/div>\n\t\t\t\t\t<\/div>\n\t\t<\/div>\n\t\t\t\t<div class=\"elementor-column elementor-col-50 elementor-top-column elementor-element elementor-element-56de3ecf\" data-id=\"56de3ecf\" data-element_type=\"column\">\n\t\t\t<div class=\"elementor-widget-wrap elementor-element-populated\">\n\t\t\t\t\t\t<div class=\"elementor-element elementor-element-1e71b471 elementor-widget elementor-widget-text-editor\" data-id=\"1e71b471\" data-element_type=\"widget\" data-widget_type=\"text-editor.default\">\n\t\t\t\t<div class=\"elementor-widget-container\">\n\t\t\t\t\t\t\t\t\t<p>Wir freuen uns, Ihnen mitteilen zu k\u00f6nnen, dass wir zum <u>9. Mal<\/u>! als Aussteller an der PCD Messe in Paris teilnehmen werden \u2013 einem der gr\u00f6ssten und aufregendsten Events der Verpackungsindustrie weltweit!<\/p><p><strong>Wann und wo?<br \/><\/strong>Vom 28.Januar 2025 bis 29. Januar 2025<\/p><p><strong>Messeort:<br \/><\/strong>Expo Porte de Versailles,2, place de la Porte de Versailles, F-75015 Paris<\/p><p><strong>Stand Nummer: <br \/><\/strong>N162<\/p><p><strong>Warum sollten Sie uns besuchen?<\/strong><\/p><ul><li>Innovationen 2025: wir verraten, was wir f\u00fcr n\u00e4chstes Jahr planen und welche Produkte wir in unser Portfolio aufnehmen werden \u00a0<\/li><li>Pers\u00f6nliche Beratung: Unser Team Herr Serge Blauel (Deputy CEO) und Frau Miroslava Spisiak (Marketing und Projekt Manager) stehen Ihnen f\u00fcr alle Fragen und individuelle Gespr\u00e4che zur Verf\u00fcgung.<\/li><li>Networking-M\u00f6glichkeiten: Kn\u00fcpfen Sie wertvolle Kontakte und tauschen Sie sich mit Branchenexperten aus.<\/li><\/ul><p>Wir w\u00fcrden uns sehr freuen, Sie an unserem Stand begr\u00fcssen zu d\u00fcrfen.\u00a0<\/p>\t\t\t\t\t\t\t\t<\/div>\n\t\t\t\t<\/div>\n\t\t\t\t\t<\/div>\n\t\t<\/div>\n\t\t\t\t\t<\/div>\n\t\t<\/section>\n\t\t\t\t<section class=\"elementor-section elementor-top-section elementor-element elementor-element-b36df63 elementor-section-boxed elementor-section-height-default elementor-section-height-default\" data-id=\"b36df63\" data-element_type=\"section\" data-settings=\"{&quot;jet_parallax_layout_list&quot;:[],&quot;background_background&quot;:&quot;classic&quot;}\">\n\t\t\t\t\t\t<div class=\"elementor-container elementor-column-gap-default\">\n\t\t\t\t\t<div class=\"elementor-column elementor-col-100 elementor-top-column elementor-element elementor-element-7476322\" data-id=\"7476322\" data-element_type=\"column\">\n\t\t\t<div class=\"elementor-widget-wrap elementor-element-populated\">\n\t\t\t\t\t\t<div class=\"elementor-element elementor-element-57b5514 elementor-widget elementor-widget-text-editor\" data-id=\"57b5514\" data-element_type=\"widget\" data-widget_type=\"text-editor.default\">\n\t\t\t\t<div class=\"elementor-widget-container\">\n\t\t\t\t\t\t\t\t\t<p style=\"text-align: center;\">Verpassen Sie nicht diese Gelegenheit, Teil eines einzigartigen Events zu sein! Wir sind gespannt darauf, Sie in Paris zu treffen und gemeinsam eine inspirierende Zeit zu verbringen.<\/p><p style=\"text-align: center;\"><a href=\"https:\/\/register.visitcloud.com\/survey\/1690vq5t1wlpc?actioncode=NTWO000588QNJ&amp;partner-contact=0u5ett4vblhqd\">Registrieren Sie sich und planen Sie Ihren Besuch schon heute!<\/a><\/p>\t\t\t\t\t\t\t\t<\/div>\n\t\t\t\t<\/div>\n\t\t\t\t<div class=\"elementor-element elementor-element-5df7801c elementor-align-center elementor-widget elementor-widget-button\" data-id=\"5df7801c\" data-element_type=\"widget\" data-widget_type=\"button.default\">\n\t\t\t\t<div class=\"elementor-widget-container\">\n\t\t\t\t\t\t\t\t\t<div class=\"elementor-button-wrapper\">\n\t\t\t\t\t<a class=\"elementor-button elementor-button-link elementor-size-xs\" href=\"https:\/\/ruba-thermoplast.ch\/newsletter3\/\">\n\t\t\t\t\t\t<span class=\"elementor-button-content-wrapper\">\n\t\t\t\t\t\t\t\t\t<span class=\"elementor-button-text\">zur\u00fcck<\/span>\n\t\t\t\t\t<\/span>\n\t\t\t\t\t<\/a>\n\t\t\t\t<\/div>\n\t\t\t\t\t\t\t\t<\/div>\n\t\t\t\t<\/div>\n\t\t\t\t\t<\/div>\n\t\t<\/div>\n\t\t\t\t\t<\/div>\n\t\t<\/section>\n\t\t\t\t<\/div>\n\t\t","protected":false},"excerpt":{"rendered":"<p>Wir freuen uns, Ihnen mitteilen zu k\u00f6nnen, dass wir zum 9. Mal! als Aussteller an der PCD Messe in Paris teilnehmen werden <\/p>\n","protected":false},"author":6,"featured_media":4979,"comment_status":"closed","ping_status":"closed","sticky":false,"template":"elementor_header_footer","format":"standard","meta":{"footnotes":""},"categories":[35],"tags":[],"class_list":["post-4843","post","type-post","status-publish","format-standard","has-post-thumbnail","hentry","category-dezember-2024"],"_links":{"self":[{"href":"https:\/\/ruba-thermoplast.ch\/de\/wp-json\/wp\/v2\/posts\/4843","targetHints":{"allow":["GET"]}}],"collection":[{"href":"https:\/\/ruba-thermoplast.ch\/de\/wp-json\/wp\/v2\/posts"}],"about":[{"href":"https:\/\/ruba-thermoplast.ch\/de\/wp-json\/wp\/v2\/types\/post"}],"author":[{"embeddable":true,"href":"https:\/\/ruba-thermoplast.ch\/de\/wp-json\/wp\/v2\/users\/6"}],"replies":[{"embeddable":true,"href":"https:\/\/ruba-thermoplast.ch\/de\/wp-json\/wp\/v2\/comments?post=4843"}],"version-history":[{"count":0,"href":"https:\/\/ruba-thermoplast.ch\/de\/wp-json\/wp\/v2\/posts\/4843\/revisions"}],"wp:featuredmedia":[{"embeddable":true,"href":"https:\/\/ruba-thermoplast.ch\/de\/wp-json\/wp\/v2\/media\/4979"}],"wp:attachment":[{"href":"https:\/\/ruba-thermoplast.ch\/de\/wp-json\/wp\/v2\/media?parent=4843"}],"wp:term":[{"taxonomy":"category","embeddable":true,"href":"https:\/\/ruba-thermoplast.ch\/de\/wp-json\/wp\/v2\/categories?post=4843"},{"taxonomy":"post_tag","embeddable":true,"href":"https:\/\/ruba-thermoplast.ch\/de\/wp-json\/wp\/v2\/tags?post=4843"}],"curies":[{"name":"wp","href":"https:\/\/api.w.org\/{rel}","templated":true}]}}