{"id":1203,"date":"2020-09-03T18:09:00","date_gmt":"2020-09-03T18:09:00","guid":{"rendered":"https:\/\/ruba-thermoplast.ch\/?p=1203"},"modified":"2022-08-15T14:58:20","modified_gmt":"2022-08-15T14:58:20","slug":"30-jahre-firmentreue","status":"publish","type":"post","link":"https:\/\/ruba-thermoplast.ch\/fr\/30-jahre-firmentreue\/","title":{"rendered":"30 ans de fid\u00e9lit\u00e9 \u00e0 l'entreprise"},"content":{"rendered":"<div data-elementor-type=\"wp-post\" data-elementor-id=\"1203\" class=\"elementor elementor-1203\" data-elementor-post-type=\"post\">\n\t\t\t\t\t\t<section class=\"elementor-section elementor-top-section elementor-element elementor-element-70dc730f elementor-section-boxed elementor-section-height-default elementor-section-height-default\" data-id=\"70dc730f\" data-element_type=\"section\" data-settings=\"{&quot;jet_parallax_layout_list&quot;:[]}\">\n\t\t\t\t\t\t<div class=\"elementor-container elementor-column-gap-default\">\n\t\t\t\t\t<div class=\"elementor-column elementor-col-100 elementor-top-column elementor-element elementor-element-3f2cd1f2\" data-id=\"3f2cd1f2\" data-element_type=\"column\">\n\t\t\t<div class=\"elementor-widget-wrap elementor-element-populated\">\n\t\t\t\t\t\t<div class=\"elementor-element elementor-element-6e6d4b18 elementor-widget elementor-widget-heading\" data-id=\"6e6d4b18\" data-element_type=\"widget\" data-widget_type=\"heading.default\">\n\t\t\t\t<div class=\"elementor-widget-container\">\n\t\t\t\t\t<h2 class=\"elementor-heading-title elementor-size-default\">30 ans de fid\u00e9lit\u00e9 \u00e0 l'entreprise<\/h2>\t\t\t\t<\/div>\n\t\t\t\t<\/div>\n\t\t\t\t<div class=\"elementor-element elementor-element-f5a40a4 elementor-widget elementor-widget-image\" data-id=\"f5a40a4\" data-element_type=\"widget\" data-widget_type=\"image.default\">\n\t\t\t\t<div class=\"elementor-widget-container\">\n\t\t\t\t\t\t\t\t\t\t\t\t\t\t\t<img fetchpriority=\"high\" decoding=\"async\" width=\"800\" height=\"372\" src=\"https:\/\/ruba-thermoplast.ch\/wp-content\/uploads\/2022\/08\/4_SB.jpg\" class=\"attachment-large size-large wp-image-1205\" alt=\"\" srcset=\"https:\/\/ruba-thermoplast.ch\/wp-content\/uploads\/2022\/08\/4_SB.jpg 900w, https:\/\/ruba-thermoplast.ch\/wp-content\/uploads\/2022\/08\/4_SB-300x140.jpg 300w, https:\/\/ruba-thermoplast.ch\/wp-content\/uploads\/2022\/08\/4_SB-768x358.jpg 768w\" sizes=\"(max-width: 800px) 100vw, 800px\" \/>\t\t\t\t\t\t\t\t\t\t\t\t\t\t\t<\/div>\n\t\t\t\t<\/div>\n\t\t\t\t<div class=\"elementor-element elementor-element-137bcd9b elementor-widget elementor-widget-text-editor\" data-id=\"137bcd9b\" data-element_type=\"widget\" data-widget_type=\"text-editor.default\">\n\t\t\t\t<div class=\"elementor-widget-container\">\n\t\t\t\t\t\t\t\t\t<p>En septembre 2020, M. Serge Blauel a f\u00eat\u00e9 ses 30 ans de service.<\/p><p>Monsieur Blauel a v\u00e9cu une grande partie de l'histoire de l'entreprise et a contribu\u00e9 de mani\u00e8re significative \u00e0 son succ\u00e8s.<\/p><p>En tant qu'actuel directeur adjoint, il veille chaque jour au bon fonctionnement et \u00e0 la s\u00e9curit\u00e9 de l'entreprise.<\/p><p>Nous les f\u00e9licitons et les remercions chaleureusement pour leur engagement et leurs longues ann\u00e9es de travail pour le bien de notre entreprise, de nos collaborateurs et de nos pr\u00e9cieux clients.<\/p>\t\t\t\t\t\t\t\t<\/div>\n\t\t\t\t<\/div>\n\t\t\t\t<div class=\"elementor-element elementor-element-47bdb37 elementor-align-center elementor-widget elementor-widget-button\" data-id=\"47bdb37\" data-element_type=\"widget\" data-widget_type=\"button.default\">\n\t\t\t\t<div class=\"elementor-widget-container\">\n\t\t\t\t\t\t\t\t\t<div class=\"elementor-button-wrapper\">\n\t\t\t\t\t<a class=\"elementor-button elementor-button-link elementor-size-xs\" href=\"https:\/\/ruba-thermoplast.ch\/fr\/newsletter3\/\">\n\t\t\t\t\t\t<span class=\"elementor-button-content-wrapper\">\n\t\t\t\t\t\t\t\t\t<span class=\"elementor-button-text\">retour<\/span>\n\t\t\t\t\t<\/span>\n\t\t\t\t\t<\/a>\n\t\t\t\t<\/div>\n\t\t\t\t\t\t\t\t<\/div>\n\t\t\t\t<\/div>\n\t\t\t\t\t<\/div>\n\t\t<\/div>\n\t\t\t\t\t<\/div>\n\t\t<\/section>\n\t\t\t\t<\/div>","protected":false},"excerpt":{"rendered":"<p>Im September 2020 feierte Herr Serge Blauel sein 30-j\u00e4hriges Dienstjubil\u00e4um. Herr Blauel hat einen grossen Teil der Firmengeschichte miterlebt und ein bedeutendes St\u00fcck zum Erfolg der Firma beigetragen. Als jetziger stellvertretender Gesch\u00e4ftsf\u00fchrer sorgt er t\u00e4glich f\u00fcr einen reibungslosen und sicheren Ablauf der Firma. Wir gratulieren und bedanken uns herzlich f\u00fcr das Engagement und den langj\u00e4hrigen [&hellip;]<\/p>\n","protected":false},"author":1,"featured_media":1205,"comment_status":"closed","ping_status":"closed","sticky":false,"template":"elementor_header_footer","format":"standard","meta":{"footnotes":""},"categories":[18],"tags":[],"class_list":["post-1203","post","type-post","status-publish","format-standard","has-post-thumbnail","hentry","category-september-20"],"_links":{"self":[{"href":"https:\/\/ruba-thermoplast.ch\/fr\/wp-json\/wp\/v2\/posts\/1203","targetHints":{"allow":["GET"]}}],"collection":[{"href":"https:\/\/ruba-thermoplast.ch\/fr\/wp-json\/wp\/v2\/posts"}],"about":[{"href":"https:\/\/ruba-thermoplast.ch\/fr\/wp-json\/wp\/v2\/types\/post"}],"author":[{"embeddable":true,"href":"https:\/\/ruba-thermoplast.ch\/fr\/wp-json\/wp\/v2\/users\/1"}],"replies":[{"embeddable":true,"href":"https:\/\/ruba-thermoplast.ch\/fr\/wp-json\/wp\/v2\/comments?post=1203"}],"version-history":[{"count":0,"href":"https:\/\/ruba-thermoplast.ch\/fr\/wp-json\/wp\/v2\/posts\/1203\/revisions"}],"wp:featuredmedia":[{"embeddable":true,"href":"https:\/\/ruba-thermoplast.ch\/fr\/wp-json\/wp\/v2\/media\/1205"}],"wp:attachment":[{"href":"https:\/\/ruba-thermoplast.ch\/fr\/wp-json\/wp\/v2\/media?parent=1203"}],"wp:term":[{"taxonomy":"category","embeddable":true,"href":"https:\/\/ruba-thermoplast.ch\/fr\/wp-json\/wp\/v2\/categories?post=1203"},{"taxonomy":"post_tag","embeddable":true,"href":"https:\/\/ruba-thermoplast.ch\/fr\/wp-json\/wp\/v2\/tags?post=1203"}],"curies":[{"name":"wp","href":"https:\/\/api.w.org\/{rel}","templated":true}]}}