{"id":1210,"date":"2020-07-03T18:17:00","date_gmt":"2020-07-03T18:17:00","guid":{"rendered":"https:\/\/ruba-thermoplast.ch\/?p=1210"},"modified":"2022-08-15T15:10:53","modified_gmt":"2022-08-15T15:10:53","slug":"nachfolgeregelung-aenderung-in-der-geschaeftsleitung","status":"publish","type":"post","link":"https:\/\/ruba-thermoplast.ch\/fr\/nachfolgeregelung-aenderung-in-der-geschaeftsleitung\/","title":{"rendered":"Succession &amp; changement au sein de la direction"},"content":{"rendered":"<div data-elementor-type=\"wp-post\" data-elementor-id=\"1210\" class=\"elementor elementor-1210\" data-elementor-post-type=\"post\">\n\t\t\t\t\t\t<section class=\"elementor-section elementor-top-section elementor-element elementor-element-3fc8a196 elementor-section-boxed elementor-section-height-default elementor-section-height-default\" data-id=\"3fc8a196\" data-element_type=\"section\" data-settings=\"{&quot;jet_parallax_layout_list&quot;:[]}\">\n\t\t\t\t\t\t<div class=\"elementor-container elementor-column-gap-default\">\n\t\t\t\t\t<div class=\"elementor-column elementor-col-100 elementor-top-column elementor-element elementor-element-68db7b0\" data-id=\"68db7b0\" data-element_type=\"column\">\n\t\t\t<div class=\"elementor-widget-wrap elementor-element-populated\">\n\t\t\t\t\t\t<div class=\"elementor-element elementor-element-31f7ea56 elementor-widget elementor-widget-heading\" data-id=\"31f7ea56\" data-element_type=\"widget\" data-widget_type=\"heading.default\">\n\t\t\t\t<div class=\"elementor-widget-container\">\n\t\t\t\t\t<h2 class=\"elementor-heading-title elementor-size-default\">Succession &amp; changement au sein de la direction<\/h2>\t\t\t\t<\/div>\n\t\t\t\t<\/div>\n\t\t\t\t<div class=\"elementor-element elementor-element-eadaead elementor-widget elementor-widget-image\" data-id=\"eadaead\" data-element_type=\"widget\" data-widget_type=\"image.default\">\n\t\t\t\t<div class=\"elementor-widget-container\">\n\t\t\t\t\t\t\t\t\t\t\t\t\t\t\t<img fetchpriority=\"high\" decoding=\"async\" width=\"800\" height=\"373\" src=\"https:\/\/ruba-thermoplast.ch\/wp-content\/uploads\/2022\/08\/JB_SR_1.jpg\" class=\"attachment-large size-large wp-image-1212\" alt=\"\" srcset=\"https:\/\/ruba-thermoplast.ch\/wp-content\/uploads\/2022\/08\/JB_SR_1.jpg 900w, https:\/\/ruba-thermoplast.ch\/wp-content\/uploads\/2022\/08\/JB_SR_1-300x140.jpg 300w, https:\/\/ruba-thermoplast.ch\/wp-content\/uploads\/2022\/08\/JB_SR_1-768x358.jpg 768w\" sizes=\"(max-width: 800px) 100vw, 800px\" \/>\t\t\t\t\t\t\t\t\t\t\t\t\t\t\t<\/div>\n\t\t\t\t<\/div>\n\t\t\t\t<div class=\"elementor-element elementor-element-589c78f8 elementor-widget elementor-widget-text-editor\" data-id=\"589c78f8\" data-element_type=\"widget\" data-widget_type=\"text-editor.default\">\n\t\t\t\t<div class=\"elementor-widget-container\">\n\t\t\t\t\t\t\t\t\t<p>Apr\u00e8s plus de 17 ans d'activit\u00e9 en tant que directeur, Monsieur Jost Baumgartner va maintenant transmettre la direction op\u00e9rationnelle de l'entreprise \u00e0 la troisi\u00e8me g\u00e9n\u00e9ration. Sa fille, Madame Sarah Rieder, prend imm\u00e9diatement le poste de directrice de RUBA Thermoplast AG.<\/p><p>Monsieur Baumgartner reste pr\u00e9sident du conseil d'administration et soutient activement Madame Rieder dans son nouveau d\u00e9fi.<\/p>\t\t\t\t\t\t\t\t<\/div>\n\t\t\t\t<\/div>\n\t\t\t\t<div class=\"elementor-element elementor-element-dde7c88 elementor-widget elementor-widget-heading\" data-id=\"dde7c88\" data-element_type=\"widget\" data-widget_type=\"heading.default\">\n\t\t\t\t<div class=\"elementor-widget-container\">\n\t\t\t\t\t<h2 class=\"elementor-heading-title elementor-size-default\">Nouveaux panneaux de pr\u00e9sentation RUBA<\/h2>\t\t\t\t<\/div>\n\t\t\t\t<\/div>\n\t\t\t\t<div class=\"elementor-element elementor-element-3cc2c18 elementor-widget elementor-widget-image\" data-id=\"3cc2c18\" data-element_type=\"widget\" data-widget_type=\"image.default\">\n\t\t\t\t<div class=\"elementor-widget-container\">\n\t\t\t\t\t\t\t\t\t\t\t\t\t\t\t<img decoding=\"async\" width=\"800\" height=\"389\" src=\"https:\/\/ruba-thermoplast.ch\/wp-content\/uploads\/2022\/08\/Platte_3.jpg\" class=\"attachment-large size-large wp-image-1213\" alt=\"\" srcset=\"https:\/\/ruba-thermoplast.ch\/wp-content\/uploads\/2022\/08\/Platte_3.jpg 900w, https:\/\/ruba-thermoplast.ch\/wp-content\/uploads\/2022\/08\/Platte_3-300x146.jpg 300w, https:\/\/ruba-thermoplast.ch\/wp-content\/uploads\/2022\/08\/Platte_3-768x374.jpg 768w\" sizes=\"(max-width: 800px) 100vw, 800px\" \/>\t\t\t\t\t\t\t\t\t\t\t\t\t\t\t<\/div>\n\t\t\t\t<\/div>\n\t\t\t\t<div class=\"elementor-element elementor-element-ed8a8b3 elementor-widget elementor-widget-text-editor\" data-id=\"ed8a8b3\" data-element_type=\"widget\" data-widget_type=\"text-editor.default\">\n\t\t\t\t<div class=\"elementor-widget-container\">\n\t\t\t\t\t\t\t\t\t<p>Nous vous pr\u00e9sentons ici nos nouveaux panneaux de pr\u00e9sentation 2020. Cette nouvelle collection a \u00e9t\u00e9 \u00e9labor\u00e9e en tenant compte des exigences de nos clients et des tendances actuelles du march\u00e9. Les deux rang\u00e9es sup\u00e9rieures pr\u00e9sentent toutes les lignes et versions disponibles du diam\u00e8tre 30 mm. La rang\u00e9e inf\u00e9rieure met l'accent sur la diversit\u00e9 des mat\u00e9riaux que nous proposons d\u00e9sormais pour tous les diam\u00e8tres.<\/p><p>Le d\u00e9grad\u00e9 fluide de bleu tendre conf\u00e8re aux panneaux une touche exceptionnelle.<\/p><p>Nous nous ferons un plaisir de vous apporter personnellement le nouveau panneau RUBA.<\/p><p>Prenez rendez-vous avec nous !<\/p>\t\t\t\t\t\t\t\t<\/div>\n\t\t\t\t<\/div>\n\t\t\t\t<div class=\"elementor-element elementor-element-a0d795b elementor-widget elementor-widget-heading\" data-id=\"a0d795b\" data-element_type=\"widget\" data-widget_type=\"heading.default\">\n\t\t\t\t<div class=\"elementor-widget-container\">\n\t\t\t\t\t<h2 class=\"elementor-heading-title elementor-size-default\">Aper\u00e7u des bouchons de tubes<\/h2>\t\t\t\t<\/div>\n\t\t\t\t<\/div>\n\t\t\t\t<div class=\"elementor-element elementor-element-92c9ae1 elementor-widget elementor-widget-image\" data-id=\"92c9ae1\" data-element_type=\"widget\" data-widget_type=\"image.default\">\n\t\t\t\t<div class=\"elementor-widget-container\">\n\t\t\t\t\t\t\t\t\t\t\t\t\t\t\t<img decoding=\"async\" width=\"800\" height=\"373\" src=\"https:\/\/ruba-thermoplast.ch\/wp-content\/uploads\/2022\/08\/VS_600_x280.jpg\" class=\"attachment-large size-large wp-image-1214\" alt=\"\" srcset=\"https:\/\/ruba-thermoplast.ch\/wp-content\/uploads\/2022\/08\/VS_600_x280.jpg 900w, https:\/\/ruba-thermoplast.ch\/wp-content\/uploads\/2022\/08\/VS_600_x280-300x140.jpg 300w, https:\/\/ruba-thermoplast.ch\/wp-content\/uploads\/2022\/08\/VS_600_x280-768x358.jpg 768w\" sizes=\"(max-width: 800px) 100vw, 800px\" \/>\t\t\t\t\t\t\t\t\t\t\t\t\t\t\t<\/div>\n\t\t\t\t<\/div>\n\t\t\t\t<div class=\"elementor-element elementor-element-25b083a elementor-widget elementor-widget-text-editor\" data-id=\"25b083a\" data-element_type=\"widget\" data-widget_type=\"text-editor.default\">\n\t\t\t\t<div class=\"elementor-widget-container\">\n\t\t\t\t\t\t\t\t\t<p>Nous proposons aujourd'hui plus de 200 bouchons \u00e0 vis diff\u00e9rents et nous sommes en train d'\u00e9largir constamment notre gamme. Afin que les donn\u00e9es les plus importantes et les plus demand\u00e9es de nos bouchons soient visibles en un coup d'\u0153il, nous avons \u00e9tabli une liste. Si vous avez donc besoin d'informations suppl\u00e9mentaires ou de donn\u00e9es sp\u00e9cifiques sur nos produits, comme le poids unitaire, le num\u00e9ro de dessin, le filetage, la hauteur du bouchon, le mastic d'\u00e9tanch\u00e9it\u00e9, les formes ext\u00e9rieures disponibles, etc., vous pouvez les consulter \u00e0 tout moment en cliquant sur le lien suivant.<\/p><p>Saisissez directement !<\/p>\t\t\t\t\t\t\t\t<\/div>\n\t\t\t\t<\/div>\n\t\t\t\t<div class=\"elementor-element elementor-element-ef3204c elementor-widget elementor-widget-heading\" data-id=\"ef3204c\" data-element_type=\"widget\" data-widget_type=\"heading.default\">\n\t\t\t\t<div class=\"elementor-widget-container\">\n\t\t\t\t\t<h2 class=\"elementor-heading-title elementor-size-default\">Pas de fermeture annuelle<\/h2>\t\t\t\t<\/div>\n\t\t\t\t<\/div>\n\t\t\t\t<div class=\"elementor-element elementor-element-e2fbb66 elementor-widget elementor-widget-image\" data-id=\"e2fbb66\" data-element_type=\"widget\" data-widget_type=\"image.default\">\n\t\t\t\t<div class=\"elementor-widget-container\">\n\t\t\t\t\t\t\t\t\t\t\t\t\t\t\t<img loading=\"lazy\" decoding=\"async\" width=\"800\" height=\"372\" src=\"https:\/\/ruba-thermoplast.ch\/wp-content\/uploads\/2022\/08\/Sommerferien_600x280.jpg\" class=\"attachment-large size-large wp-image-1215\" alt=\"\" srcset=\"https:\/\/ruba-thermoplast.ch\/wp-content\/uploads\/2022\/08\/Sommerferien_600x280.jpg 900w, https:\/\/ruba-thermoplast.ch\/wp-content\/uploads\/2022\/08\/Sommerferien_600x280-300x140.jpg 300w, https:\/\/ruba-thermoplast.ch\/wp-content\/uploads\/2022\/08\/Sommerferien_600x280-768x358.jpg 768w\" sizes=\"(max-width: 800px) 100vw, 800px\" \/>\t\t\t\t\t\t\t\t\t\t\t\t\t\t\t<\/div>\n\t\t\t\t<\/div>\n\t\t\t\t<div class=\"elementor-element elementor-element-3eb90f2 elementor-widget elementor-widget-text-editor\" data-id=\"3eb90f2\" data-element_type=\"widget\" data-widget_type=\"text-editor.default\">\n\t\t\t\t<div class=\"elementor-widget-container\">\n\t\t\t\t\t\t\t\t\t<p>L'\u00e9quipe RUBA ne prend pas de vacances d'entreprise pour vous garantir le service habituel.<\/p><p>Nous vous prions toutefois de prendre rendez-vous et d'envoyer vos commandes suffisamment t\u00f4t, car nous avons un effectif r\u00e9duit pendant cette p\u00e9riode.<\/p><p>Nous vous souhaitons de bonnes et reposantes vacances d'\u00e9t\u00e9 !<\/p>\t\t\t\t\t\t\t\t<\/div>\n\t\t\t\t<\/div>\n\t\t\t\t<div class=\"elementor-element elementor-element-7e46ece8 elementor-align-center elementor-widget elementor-widget-button\" data-id=\"7e46ece8\" data-element_type=\"widget\" data-widget_type=\"button.default\">\n\t\t\t\t<div class=\"elementor-widget-container\">\n\t\t\t\t\t\t\t\t\t<div class=\"elementor-button-wrapper\">\n\t\t\t\t\t<a class=\"elementor-button elementor-button-link elementor-size-xs\" href=\"https:\/\/ruba-thermoplast.ch\/fr\/newsletter3\/\">\n\t\t\t\t\t\t<span class=\"elementor-button-content-wrapper\">\n\t\t\t\t\t\t\t\t\t<span class=\"elementor-button-text\">retour<\/span>\n\t\t\t\t\t<\/span>\n\t\t\t\t\t<\/a>\n\t\t\t\t<\/div>\n\t\t\t\t\t\t\t\t<\/div>\n\t\t\t\t<\/div>\n\t\t\t\t\t<\/div>\n\t\t<\/div>\n\t\t\t\t\t<\/div>\n\t\t<\/section>\n\t\t\t\t<\/div>","protected":false},"excerpt":{"rendered":"<p>Nach \u00fcber 17-j\u00e4hriger T\u00e4tigkeit als Gesch\u00e4ftsleiter wird Herr Jost Baumgartner die operative F\u00fchrung der Firma nun an die dritte Generation \u00fcbergeben. Seine Tochter Frau Sarah Rieder \u00fcbernimmt per sofort die Stelle der Gesch\u00e4ftsf\u00fchrerin der RUBA Thermoplast AG. Herr Baumgartner bleibt weiterhin als Verwaltungsratspr\u00e4sident t\u00e4tig und unterst\u00fctzt Frau Rieder tatkr\u00e4ftig bei ihrer neuen Herausforderung. Neue RUBA-Pr\u00e4sentationsplatten [&hellip;]<\/p>\n","protected":false},"author":1,"featured_media":1212,"comment_status":"closed","ping_status":"closed","sticky":false,"template":"elementor_header_footer","format":"standard","meta":{"footnotes":""},"categories":[19],"tags":[],"class_list":["post-1210","post","type-post","status-publish","format-standard","has-post-thumbnail","hentry","category-juli-20"],"_links":{"self":[{"href":"https:\/\/ruba-thermoplast.ch\/fr\/wp-json\/wp\/v2\/posts\/1210","targetHints":{"allow":["GET"]}}],"collection":[{"href":"https:\/\/ruba-thermoplast.ch\/fr\/wp-json\/wp\/v2\/posts"}],"about":[{"href":"https:\/\/ruba-thermoplast.ch\/fr\/wp-json\/wp\/v2\/types\/post"}],"author":[{"embeddable":true,"href":"https:\/\/ruba-thermoplast.ch\/fr\/wp-json\/wp\/v2\/users\/1"}],"replies":[{"embeddable":true,"href":"https:\/\/ruba-thermoplast.ch\/fr\/wp-json\/wp\/v2\/comments?post=1210"}],"version-history":[{"count":0,"href":"https:\/\/ruba-thermoplast.ch\/fr\/wp-json\/wp\/v2\/posts\/1210\/revisions"}],"wp:featuredmedia":[{"embeddable":true,"href":"https:\/\/ruba-thermoplast.ch\/fr\/wp-json\/wp\/v2\/media\/1212"}],"wp:attachment":[{"href":"https:\/\/ruba-thermoplast.ch\/fr\/wp-json\/wp\/v2\/media?parent=1210"}],"wp:term":[{"taxonomy":"category","embeddable":true,"href":"https:\/\/ruba-thermoplast.ch\/fr\/wp-json\/wp\/v2\/categories?post=1210"},{"taxonomy":"post_tag","embeddable":true,"href":"https:\/\/ruba-thermoplast.ch\/fr\/wp-json\/wp\/v2\/tags?post=1210"}],"curies":[{"name":"wp","href":"https:\/\/api.w.org\/{rel}","templated":true}]}}