{"id":1238,"date":"2019-12-03T18:48:00","date_gmt":"2019-12-03T18:48:00","guid":{"rendered":"https:\/\/ruba-thermoplast.ch\/?p=1238"},"modified":"2022-08-15T15:13:43","modified_gmt":"2022-08-15T15:13:43","slug":"neuer-ecoline-verschluss-fuer-ihre-50mm-tuben","status":"publish","type":"post","link":"https:\/\/ruba-thermoplast.ch\/fr\/neuer-ecoline-verschluss-fuer-ihre-50mm-tuben\/","title":{"rendered":"Nouveau bouchon Ecoline pour vos tubes de 50mm"},"content":{"rendered":"<div data-elementor-type=\"wp-post\" data-elementor-id=\"1238\" class=\"elementor elementor-1238\" data-elementor-post-type=\"post\">\n\t\t\t\t\t\t<section class=\"elementor-section elementor-top-section elementor-element elementor-element-2c63d843 elementor-section-boxed elementor-section-height-default elementor-section-height-default\" data-id=\"2c63d843\" data-element_type=\"section\" data-settings=\"{&quot;jet_parallax_layout_list&quot;:[]}\">\n\t\t\t\t\t\t<div class=\"elementor-container elementor-column-gap-default\">\n\t\t\t\t\t<div class=\"elementor-column elementor-col-100 elementor-top-column elementor-element elementor-element-796de43e\" data-id=\"796de43e\" data-element_type=\"column\">\n\t\t\t<div class=\"elementor-widget-wrap elementor-element-populated\">\n\t\t\t\t\t\t<div class=\"elementor-element elementor-element-19a55e70 elementor-widget elementor-widget-heading\" data-id=\"19a55e70\" data-element_type=\"widget\" data-widget_type=\"heading.default\">\n\t\t\t\t<div class=\"elementor-widget-container\">\n\t\t\t\t\t<h2 class=\"elementor-heading-title elementor-size-default\">Nouveau bouchon Ecoline pour vos tubes de 50mm<\/h2>\t\t\t\t<\/div>\n\t\t\t\t<\/div>\n\t\t\t\t<div class=\"elementor-element elementor-element-47c0820c elementor-widget elementor-widget-image\" data-id=\"47c0820c\" data-element_type=\"widget\" data-widget_type=\"image.default\">\n\t\t\t\t<div class=\"elementor-widget-container\">\n\t\t\t\t\t\t\t\t\t\t\t\t\t\t\t<img fetchpriority=\"high\" decoding=\"async\" width=\"800\" height=\"213\" src=\"https:\/\/ruba-thermoplast.ch\/wp-content\/uploads\/2022\/08\/H_2922E9_1_-_Kopie.jpg\" class=\"attachment-large size-large wp-image-1239\" alt=\"\" srcset=\"https:\/\/ruba-thermoplast.ch\/wp-content\/uploads\/2022\/08\/H_2922E9_1_-_Kopie.jpg 900w, https:\/\/ruba-thermoplast.ch\/wp-content\/uploads\/2022\/08\/H_2922E9_1_-_Kopie-300x80.jpg 300w, https:\/\/ruba-thermoplast.ch\/wp-content\/uploads\/2022\/08\/H_2922E9_1_-_Kopie-768x205.jpg 768w\" sizes=\"(max-width: 800px) 100vw, 800px\" \/>\t\t\t\t\t\t\t\t\t\t\t\t\t\t\t<\/div>\n\t\t\t\t<\/div>\n\t\t\t\t<div class=\"elementor-element elementor-element-686a432b elementor-widget elementor-widget-text-editor\" data-id=\"686a432b\" data-element_type=\"widget\" data-widget_type=\"text-editor.default\">\n\t\t\t\t<div class=\"elementor-widget-container\">\n\t\t\t\t\t\t\t\t\t<p>Nous vous pr\u00e9sentons ici notre nouveau produit de la s\u00e9rie Ecoline.<\/p><p>Pour la fabrication du bouchon \u00e0 vis, nous avons utilis\u00e9 la forme du standard Classic. Le nouveau bouchon \u00e9cologique en finition brillante peut \u00eatre utilis\u00e9 sur n'importe quel tube avec un filetage S22 ou TR22. Le potentiel d'utilisation du bouchon H-2922E9 se situe dans les domaines o\u00f9 la r\u00e9duction du poids et l'\u00e9conomie de mat\u00e9riaux sont prioritaires. L'un des principaux arguments de vente est bien entendu le faible poids et l'avantage de prix qui en d\u00e9coule. Bien que la fermeture n\u00e9cessite jusqu'\u00e0 73% de mat\u00e9riau en moins, le tube retourn\u00e9 reste stable.<\/p><p>Vous trouverez ici un aper\u00e7u de nos bouchons Ecoline avec filetage M11, M15 et S22.<\/p><p>Commandez nos \u00e9chantillons gratuits ici !<\/p>\t\t\t\t\t\t\t\t<\/div>\n\t\t\t\t<\/div>\n\t\t\t\t<div class=\"elementor-element elementor-element-e04c7f2 elementor-widget elementor-widget-heading\" data-id=\"e04c7f2\" data-element_type=\"widget\" data-widget_type=\"heading.default\">\n\t\t\t\t<div class=\"elementor-widget-container\">\n\t\t\t\t\t<h2 class=\"elementor-heading-title elementor-size-default\">2019 - Jahr der Versuche &amp; Qualit\u00e4tslevel QL_PCR<\/h2>\t\t\t\t<\/div>\n\t\t\t\t<\/div>\n\t\t\t\t<div class=\"elementor-element elementor-element-bb4fab5 elementor-widget elementor-widget-image\" data-id=\"bb4fab5\" data-element_type=\"widget\" data-widget_type=\"image.default\">\n\t\t\t\t<div class=\"elementor-widget-container\">\n\t\t\t\t\t\t\t\t\t\t\t\t\t\t\t<img decoding=\"async\" width=\"800\" height=\"214\" src=\"https:\/\/ruba-thermoplast.ch\/wp-content\/uploads\/2022\/08\/D-1.jpg\" class=\"attachment-large size-large wp-image-1240\" alt=\"\" srcset=\"https:\/\/ruba-thermoplast.ch\/wp-content\/uploads\/2022\/08\/D-1.jpg 900w, https:\/\/ruba-thermoplast.ch\/wp-content\/uploads\/2022\/08\/D-1-300x80.jpg 300w, https:\/\/ruba-thermoplast.ch\/wp-content\/uploads\/2022\/08\/D-1-768x206.jpg 768w\" sizes=\"(max-width: 800px) 100vw, 800px\" \/>\t\t\t\t\t\t\t\t\t\t\t\t\t\t\t<\/div>\n\t\t\t\t<\/div>\n\t\t\t\t<div class=\"elementor-element elementor-element-ce679db elementor-widget elementor-widget-text-editor\" data-id=\"ce679db\" data-element_type=\"widget\" data-widget_type=\"text-editor.default\">\n\t\t\t\t<div class=\"elementor-widget-container\">\n\t\t\t\t\t\t\t\t\t<p>Vivre sans plastique ?<\/p><p>Peut-on imaginer le monde sans plastique ? Regardez autour de vous. Combien de produits en plastique voyez-vous ? Beaucoup, n'est-ce pas ? M\u00eame si de plus en plus de gens veulent utiliser moins de plastique, le plastique est partout et il reste. En fin de compte, il n'y a qu'une seule solution au probl\u00e8me. Le recyclage !<\/p><p>Nous sommes \u00e9galement actifs et participons d\u00e9j\u00e0 \u00e0 ce processus. Nous pouvons qualifier l'ann\u00e9e 2019 d'ann\u00e9e des essais. De nombreux mat\u00e9riaux PCR (mais pas seulement) ont \u00e9t\u00e9 \u00e9chantillonn\u00e9s dans notre entreprise et nous avons m\u00eame pu vendre quelques productions en s\u00e9rie. Cependant, un traitement \u00e0 partir d'un mat\u00e9riau d\u00e9j\u00e0 utilis\u00e9 est toujours un nouveau d\u00e9fi pour nous. Les propri\u00e9t\u00e9s des granul\u00e9s peuvent varier d'un lot \u00e0 l'autre, car il s'agit toujours de \"nouveaux d\u00e9chets\". Un proc\u00e9d\u00e9 sp\u00e9cial et une optimisation constante tout au long de la production sont n\u00e9cessaires. Tout cela nous a incit\u00e9s \u00e0 introduire un nouveau niveau de qualit\u00e9 QL_PCR.<\/p><p>N'h\u00e9sitez pas \u00e0 nous contacter ! Nous serons heureux de partager notre exp\u00e9rience avec vous ! Parce que...<\/p>\t\t\t\t\t\t\t\t<\/div>\n\t\t\t\t<\/div>\n\t\t\t\t<div class=\"elementor-element elementor-element-74c1692 elementor-widget elementor-widget-heading\" data-id=\"74c1692\" data-element_type=\"widget\" data-widget_type=\"heading.default\">\n\t\t\t\t<div class=\"elementor-widget-container\">\n\t\t\t\t\t<h2 class=\"elementor-heading-title elementor-size-default\">Salon PCD 29-30 janvier 2020<\/h2>\t\t\t\t<\/div>\n\t\t\t\t<\/div>\n\t\t\t\t<div class=\"elementor-element elementor-element-9d87680 elementor-widget elementor-widget-image\" data-id=\"9d87680\" data-element_type=\"widget\" data-widget_type=\"image.default\">\n\t\t\t\t<div class=\"elementor-widget-container\">\n\t\t\t\t\t\t\t\t\t\t\t\t\t\t\t<img decoding=\"async\" width=\"800\" height=\"148\" src=\"https:\/\/ruba-thermoplast.ch\/wp-content\/uploads\/2022\/08\/PCD.jpg\" class=\"attachment-large size-large wp-image-1241\" alt=\"\" srcset=\"https:\/\/ruba-thermoplast.ch\/wp-content\/uploads\/2022\/08\/PCD.jpg 900w, https:\/\/ruba-thermoplast.ch\/wp-content\/uploads\/2022\/08\/PCD-300x55.jpg 300w, https:\/\/ruba-thermoplast.ch\/wp-content\/uploads\/2022\/08\/PCD-768x142.jpg 768w\" sizes=\"(max-width: 800px) 100vw, 800px\" \/>\t\t\t\t\t\t\t\t\t\t\t\t\t\t\t<\/div>\n\t\t\t\t<\/div>\n\t\t\t\t<div class=\"elementor-element elementor-element-fdb58e7 elementor-widget elementor-widget-text-editor\" data-id=\"fdb58e7\" data-element_type=\"widget\" data-widget_type=\"text-editor.default\">\n\t\t\t\t<div class=\"elementor-widget-container\">\n\t\t\t\t\t\t\t\t\t<p>Le compte \u00e0 rebours a commenc\u00e9. Dans un peu moins de deux mois, le salon PCD se tiendra pour nous \u00e0 Paris pour la 5e fois d\u00e9j\u00e0. L'ann\u00e9e derni\u00e8re aussi, plus de 8'000 visiteurs ont profit\u00e9 de l'occasion pour s'informer sur les nouveaut\u00e9s et les tendances actuelles de l'industrie de l'emballage.<\/p><p>Nous pr\u00e9senterons nos nouveaux produits sur notre stand n\u00b0 G08.<\/p><p>Venez nous rendre visite ou prenez tout de suite rendez-vous sur notre stand \u00e0 Paris !<\/p>\t\t\t\t\t\t\t\t<\/div>\n\t\t\t\t<\/div>\n\t\t\t\t<div class=\"elementor-element elementor-element-e8d1eba elementor-widget elementor-widget-heading\" data-id=\"e8d1eba\" data-element_type=\"widget\" data-widget_type=\"heading.default\">\n\t\t\t\t<div class=\"elementor-widget-container\">\n\t\t\t\t\t<h2 class=\"elementor-heading-title elementor-size-default\">No\u00ebl et fermeture annuelle<\/h2>\t\t\t\t<\/div>\n\t\t\t\t<\/div>\n\t\t\t\t<div class=\"elementor-element elementor-element-6d646a2 elementor-widget elementor-widget-image\" data-id=\"6d646a2\" data-element_type=\"widget\" data-widget_type=\"image.default\">\n\t\t\t\t<div class=\"elementor-widget-container\">\n\t\t\t\t\t\t\t\t\t\t\t\t\t\t\t<img loading=\"lazy\" decoding=\"async\" width=\"800\" height=\"258\" src=\"https:\/\/ruba-thermoplast.ch\/wp-content\/uploads\/2022\/08\/Weihnachten.jpg\" class=\"attachment-large size-large wp-image-1245\" alt=\"\" srcset=\"https:\/\/ruba-thermoplast.ch\/wp-content\/uploads\/2022\/08\/Weihnachten.jpg 900w, https:\/\/ruba-thermoplast.ch\/wp-content\/uploads\/2022\/08\/Weihnachten-300x97.jpg 300w, https:\/\/ruba-thermoplast.ch\/wp-content\/uploads\/2022\/08\/Weihnachten-768x247.jpg 768w\" sizes=\"(max-width: 800px) 100vw, 800px\" \/>\t\t\t\t\t\t\t\t\t\t\t\t\t\t\t<\/div>\n\t\t\t\t<\/div>\n\t\t\t\t<div class=\"elementor-element elementor-element-dc336f7 elementor-widget elementor-widget-text-editor\" data-id=\"dc336f7\" data-element_type=\"widget\" data-widget_type=\"text-editor.default\">\n\t\t\t\t<div class=\"elementor-widget-container\">\n\t\t\t\t\t\t\t\t\t<p>En cette fin d'ann\u00e9e, nous remercions chaleureusement nos clients pour leur fid\u00e9lit\u00e9 et la confiance qu'ils nous accordent.<\/p><p>Toute l'\u00e9quipe RUBA vous souhaite de joyeuses f\u00eates et vous pr\u00e9sente ses meilleurs v\u0153ux de sant\u00e9, de bonheur et de r\u00e9ussite pour la nouvelle ann\u00e9e 2020 !<\/p><p>Notre entreprise sera ferm\u00e9e du 23 d\u00e9cembre 2019 au 05 janvier 2020. Nous serons heureux de revenir \u00e0 partir du 06 janvier 2020 !<\/p>\t\t\t\t\t\t\t\t<\/div>\n\t\t\t\t<\/div>\n\t\t\t\t<div class=\"elementor-element elementor-element-5daee942 elementor-align-center elementor-widget elementor-widget-button\" data-id=\"5daee942\" data-element_type=\"widget\" data-widget_type=\"button.default\">\n\t\t\t\t<div class=\"elementor-widget-container\">\n\t\t\t\t\t\t\t\t\t<div class=\"elementor-button-wrapper\">\n\t\t\t\t\t<a class=\"elementor-button elementor-button-link elementor-size-xs\" href=\"https:\/\/ruba-thermoplast.ch\/fr\/newsletter3\/\">\n\t\t\t\t\t\t<span class=\"elementor-button-content-wrapper\">\n\t\t\t\t\t\t\t\t\t<span class=\"elementor-button-text\">retour<\/span>\n\t\t\t\t\t<\/span>\n\t\t\t\t\t<\/a>\n\t\t\t\t<\/div>\n\t\t\t\t\t\t\t\t<\/div>\n\t\t\t\t<\/div>\n\t\t\t\t\t<\/div>\n\t\t<\/div>\n\t\t\t\t\t<\/div>\n\t\t<\/section>\n\t\t\t\t<\/div>","protected":false},"excerpt":{"rendered":"<p>Hiermit stellen wir Ihnen unser neuartiges Produkt aus der Serie Ecoline vor. F\u00fcr die Herstellung des Schraubverschlusses haben wir die Form des Classic Standards verwendet. Der neue umweltfreundliche Verschluss in gl\u00e4nzender Ausf\u00fchrung kann auf jeder Tube mit Gewinde S22 bzw. TR22 eingesetzt werden. Das Einsatzpotenzial des Verschlusses H-2922E9 liegt in jenen Bereichen, in denen eine [&hellip;]<\/p>\n","protected":false},"author":1,"featured_media":1239,"comment_status":"closed","ping_status":"closed","sticky":false,"template":"elementor_header_footer","format":"standard","meta":{"footnotes":""},"categories":[21],"tags":[],"class_list":["post-1238","post","type-post","status-publish","format-standard","has-post-thumbnail","hentry","category-dezember-19"],"_links":{"self":[{"href":"https:\/\/ruba-thermoplast.ch\/fr\/wp-json\/wp\/v2\/posts\/1238","targetHints":{"allow":["GET"]}}],"collection":[{"href":"https:\/\/ruba-thermoplast.ch\/fr\/wp-json\/wp\/v2\/posts"}],"about":[{"href":"https:\/\/ruba-thermoplast.ch\/fr\/wp-json\/wp\/v2\/types\/post"}],"author":[{"embeddable":true,"href":"https:\/\/ruba-thermoplast.ch\/fr\/wp-json\/wp\/v2\/users\/1"}],"replies":[{"embeddable":true,"href":"https:\/\/ruba-thermoplast.ch\/fr\/wp-json\/wp\/v2\/comments?post=1238"}],"version-history":[{"count":0,"href":"https:\/\/ruba-thermoplast.ch\/fr\/wp-json\/wp\/v2\/posts\/1238\/revisions"}],"wp:featuredmedia":[{"embeddable":true,"href":"https:\/\/ruba-thermoplast.ch\/fr\/wp-json\/wp\/v2\/media\/1239"}],"wp:attachment":[{"href":"https:\/\/ruba-thermoplast.ch\/fr\/wp-json\/wp\/v2\/media?parent=1238"}],"wp:term":[{"taxonomy":"category","embeddable":true,"href":"https:\/\/ruba-thermoplast.ch\/fr\/wp-json\/wp\/v2\/categories?post=1238"},{"taxonomy":"post_tag","embeddable":true,"href":"https:\/\/ruba-thermoplast.ch\/fr\/wp-json\/wp\/v2\/tags?post=1238"}],"curies":[{"name":"wp","href":"https:\/\/api.w.org\/{rel}","templated":true}]}}