{"id":5472,"date":"2025-06-04T09:01:39","date_gmt":"2025-06-04T07:01:39","guid":{"rendered":"https:\/\/ruba-thermoplast.ch\/?p=5472"},"modified":"2025-06-17T12:46:19","modified_gmt":"2025-06-17T10:46:19","slug":"eelke-stoll-unser-produktionsleiter","status":"publish","type":"post","link":"https:\/\/ruba-thermoplast.ch\/fr\/eelke-stoll-unser-produktionsleiter\/","title":{"rendered":"Eelke Stoll, unser Produktionsleiter"},"content":{"rendered":"<div data-elementor-type=\"wp-post\" data-elementor-id=\"5472\" class=\"elementor elementor-5472\" data-elementor-post-type=\"post\">\n\t\t\t\t\t\t<section class=\"elementor-section elementor-top-section elementor-element elementor-element-57617ca6 elementor-section-full_width elementor-section-height-min-height elementor-section-height-default elementor-section-items-middle\" data-id=\"57617ca6\" data-element_type=\"section\" data-settings=\"{&quot;background_background&quot;:&quot;video&quot;,&quot;background_video_link&quot;:&quot;https:\\\/\\\/ruba-thermoplast.ch\\\/wp-content\\\/uploads\\\/2022\\\/05\\\/main.mp4&quot;,&quot;background_play_on_mobile&quot;:&quot;yes&quot;,&quot;jet_parallax_layout_list&quot;:[]}\">\n\t\t\t\t\t\t\t\t<div class=\"elementor-background-video-container\">\n\t\t\t\t\t\t\t\t\t\t\t\t\t<video class=\"elementor-background-video-hosted\" autoplay muted playsinline loop><\/video>\n\t\t\t\t\t\t\t\t\t\t\t<\/div>\n\t\t\t\t\t\t\t\t\t<div class=\"elementor-background-overlay\"><\/div>\n\t\t\t\t\t\t\t<div class=\"elementor-container elementor-column-gap-default\">\n\t\t\t\t\t<div class=\"elementor-column elementor-col-100 elementor-top-column elementor-element elementor-element-6cf76c01\" data-id=\"6cf76c01\" data-element_type=\"column\">\n\t\t\t<div class=\"elementor-widget-wrap elementor-element-populated\">\n\t\t\t\t\t\t\t<\/div>\n\t\t<\/div>\n\t\t\t\t\t<\/div>\n\t\t<\/section>\n\t\t\t\t<section class=\"elementor-section elementor-top-section elementor-element elementor-element-629b734d elementor-section-boxed elementor-section-height-default elementor-section-height-default\" data-id=\"629b734d\" data-element_type=\"section\" data-settings=\"{&quot;jet_parallax_layout_list&quot;:[],&quot;background_background&quot;:&quot;classic&quot;}\">\n\t\t\t\t\t\t<div class=\"elementor-container elementor-column-gap-default\">\n\t\t\t\t\t<div class=\"elementor-column elementor-col-100 elementor-top-column elementor-element elementor-element-350c4a96\" data-id=\"350c4a96\" data-element_type=\"column\">\n\t\t\t<div class=\"elementor-widget-wrap\">\n\t\t\t\t\t\t\t<\/div>\n\t\t<\/div>\n\t\t\t\t\t<\/div>\n\t\t<\/section>\n\t\t\t\t<section class=\"elementor-section elementor-top-section elementor-element elementor-element-62ec3 elementor-section-boxed elementor-section-height-default elementor-section-height-default\" data-id=\"62ec3\" data-element_type=\"section\" data-settings=\"{&quot;jet_parallax_layout_list&quot;:[],&quot;background_background&quot;:&quot;classic&quot;}\">\n\t\t\t\t\t\t<div class=\"elementor-container elementor-column-gap-default\">\n\t\t\t\t\t<div class=\"elementor-column elementor-col-100 elementor-top-column elementor-element elementor-element-37d0746f\" data-id=\"37d0746f\" data-element_type=\"column\">\n\t\t\t<div class=\"elementor-widget-wrap elementor-element-populated\">\n\t\t\t\t\t\t<div class=\"elementor-element elementor-element-42679e6e elementor-headline--style-highlight elementor-widget elementor-widget-animated-headline\" data-id=\"42679e6e\" data-element_type=\"widget\" data-settings=\"{&quot;marker&quot;:&quot;underline_zigzag&quot;,&quot;highlighted_text&quot;:&quot;Eelke Stoll, unser Produktionsleiter!&quot;,&quot;headline_style&quot;:&quot;highlight&quot;,&quot;loop&quot;:&quot;yes&quot;,&quot;highlight_animation_duration&quot;:1200,&quot;highlight_iteration_delay&quot;:8000}\" data-widget_type=\"animated-headline.default\">\n\t\t\t\t<div class=\"elementor-widget-container\">\n\t\t\t\t\t\t\t<h3 class=\"elementor-headline\">\n\t\t\t\t<span class=\"elementor-headline-dynamic-wrapper elementor-headline-text-wrapper\">\n\t\t\t\t\t<span class=\"elementor-headline-dynamic-text elementor-headline-text-active\">Eelke Stoll, notre chef de production!<\/span>\n\t\t\t\t<\/span>\n\t\t\t\t<\/h3>\n\t\t\t\t\t\t<\/div>\n\t\t\t\t<\/div>\n\t\t\t\t\t<\/div>\n\t\t<\/div>\n\t\t\t\t\t<\/div>\n\t\t<\/section>\n\t\t\t\t<section class=\"elementor-section elementor-top-section elementor-element elementor-element-45e8530f elementor-section-boxed elementor-section-height-default elementor-section-height-default\" data-id=\"45e8530f\" data-element_type=\"section\" data-settings=\"{&quot;jet_parallax_layout_list&quot;:[],&quot;background_background&quot;:&quot;classic&quot;}\">\n\t\t\t\t\t\t<div class=\"elementor-container elementor-column-gap-default\">\n\t\t\t\t\t<div class=\"elementor-column elementor-col-50 elementor-top-column elementor-element elementor-element-40de0045\" data-id=\"40de0045\" data-element_type=\"column\">\n\t\t\t<div class=\"elementor-widget-wrap elementor-element-populated\">\n\t\t\t\t\t\t<div class=\"elementor-element elementor-element-9a41351 elementor-widget elementor-widget-image\" data-id=\"9a41351\" data-element_type=\"widget\" data-widget_type=\"image.default\">\n\t\t\t\t<div class=\"elementor-widget-container\">\n\t\t\t\t\t\t\t\t\t\t\t\t\t\t\t<img fetchpriority=\"high\" decoding=\"async\" width=\"800\" height=\"800\" src=\"https:\/\/ruba-thermoplast.ch\/wp-content\/uploads\/2025\/06\/Folie-ES.jpg\" class=\"attachment-large size-large wp-image-5473\" alt=\"Unser Produktionsleiter, Herr Eelke Stoll, feiert sein 15-j\u00e4hriges irmenjubil\u00e4um.\" srcset=\"https:\/\/ruba-thermoplast.ch\/wp-content\/uploads\/2025\/06\/Folie-ES.jpg 945w, https:\/\/ruba-thermoplast.ch\/wp-content\/uploads\/2025\/06\/Folie-ES-300x300.jpg 300w, https:\/\/ruba-thermoplast.ch\/wp-content\/uploads\/2025\/06\/Folie-ES-150x150.jpg 150w, https:\/\/ruba-thermoplast.ch\/wp-content\/uploads\/2025\/06\/Folie-ES-768x768.jpg 768w, https:\/\/ruba-thermoplast.ch\/wp-content\/uploads\/2025\/06\/Folie-ES-12x12.jpg 12w, https:\/\/ruba-thermoplast.ch\/wp-content\/uploads\/2025\/06\/Folie-ES-700x700.jpg 700w\" sizes=\"(max-width: 800px) 100vw, 800px\" \/>\t\t\t\t\t\t\t\t\t\t\t\t\t\t\t<\/div>\n\t\t\t\t<\/div>\n\t\t\t\t\t<\/div>\n\t\t<\/div>\n\t\t\t\t<div class=\"elementor-column elementor-col-50 elementor-top-column elementor-element elementor-element-1cef8737\" data-id=\"1cef8737\" data-element_type=\"column\">\n\t\t\t<div class=\"elementor-widget-wrap elementor-element-populated\">\n\t\t\t\t\t\t<div class=\"elementor-element elementor-element-350a56d3 elementor-widget elementor-widget-text-editor\" data-id=\"350a56d3\" data-element_type=\"widget\" data-widget_type=\"text-editor.default\">\n\t\t\t\t<div class=\"elementor-widget-container\">\n\t\t\t\t\t\t\t\t\t<p><strong>Monsieur  Eelke Stoll<\/strong> f\u00eate ses 15 ans d'activit\u00e9.<\/p>\n<p>Sa carri\u00e8re chez RUBA a commenc\u00e9 d\u00e8s 2005.<\/p>\n<p>Il a fait partie int\u00e9grante de notre \u00e9quipe jusqu'en 2016, avant d'acqu\u00e9rir de nouvelles exp\u00e9riences et de suivre avec succ\u00e8s une formation d'agent technico-commercial en 2018. Depuis 2021, il est de retour - et avec un engagement total.<\/p>\n<p><br \/>Eelke a plus de 20 ans d'exp\u00e9rience dans l'industrie plastique. Dans son r\u00f4le de directeur de production, il veille chaque jour \u00e0 ce que nos processus restent efficaces, flexibles et innovants. Il anticipe, optimise avec clairvoyance et apporte en m\u00eame temps du calme dans les situations dynamiques. Sa capacit\u00e9 \u00e0 comprendre rapidement les relations techniques et \u00e0 les mettre en pratique nous est tr\u00e8s pr\u00e9cieuse.<\/p>\n<p style=\"text-align: left;\"><br \/><strong>Cher<\/strong> <strong>Eelke,<\/strong><\/p>\n<p style=\"text-align: left;\"><strong>nous te remercions pour ton dynamisme et ton savoir-faire technique et nous nous r\u00e9jouissons des nombreuses ann\u00e9es de succ\u00e8s \u00e0 venir avec toi \u00e0 nos c\u00f4t\u00e9s.<\/strong><\/p>\t\t\t\t\t\t\t\t<\/div>\n\t\t\t\t<\/div>\n\t\t\t\t<div class=\"elementor-element elementor-element-73bf7e36 elementor-align-center elementor-widget elementor-widget-button\" data-id=\"73bf7e36\" data-element_type=\"widget\" data-widget_type=\"button.default\">\n\t\t\t\t<div class=\"elementor-widget-container\">\n\t\t\t\t\t\t\t\t\t<div class=\"elementor-button-wrapper\">\n\t\t\t\t\t<a class=\"elementor-button elementor-button-link elementor-size-xs\" href=\"https:\/\/ruba-thermoplast.ch\/fr\/newsletter3\/\">\n\t\t\t\t\t\t<span class=\"elementor-button-content-wrapper\">\n\t\t\t\t\t\t\t\t\t<span class=\"elementor-button-text\">retour<\/span>\n\t\t\t\t\t<\/span>\n\t\t\t\t\t<\/a>\n\t\t\t\t<\/div>\n\t\t\t\t\t\t\t\t<\/div>\n\t\t\t\t<\/div>\n\t\t\t\t\t<\/div>\n\t\t<\/div>\n\t\t\t\t\t<\/div>\n\t\t<\/section>\n\t\t\t\t<\/div>","protected":false},"excerpt":{"rendered":"<p>Monsieur Eelke Stoll, notre chef de production, f\u00eate ses 15 ans d'activit\u00e9.<\/p>","protected":false},"author":6,"featured_media":5473,"comment_status":"closed","ping_status":"closed","sticky":false,"template":"elementor_header_footer","format":"standard","meta":{"footnotes":""},"categories":[39],"tags":[],"class_list":["post-5472","post","type-post","status-publish","format-standard","has-post-thumbnail","hentry","category-juni2025"],"_links":{"self":[{"href":"https:\/\/ruba-thermoplast.ch\/fr\/wp-json\/wp\/v2\/posts\/5472","targetHints":{"allow":["GET"]}}],"collection":[{"href":"https:\/\/ruba-thermoplast.ch\/fr\/wp-json\/wp\/v2\/posts"}],"about":[{"href":"https:\/\/ruba-thermoplast.ch\/fr\/wp-json\/wp\/v2\/types\/post"}],"author":[{"embeddable":true,"href":"https:\/\/ruba-thermoplast.ch\/fr\/wp-json\/wp\/v2\/users\/6"}],"replies":[{"embeddable":true,"href":"https:\/\/ruba-thermoplast.ch\/fr\/wp-json\/wp\/v2\/comments?post=5472"}],"version-history":[{"count":16,"href":"https:\/\/ruba-thermoplast.ch\/fr\/wp-json\/wp\/v2\/posts\/5472\/revisions"}],"predecessor-version":[{"id":5517,"href":"https:\/\/ruba-thermoplast.ch\/fr\/wp-json\/wp\/v2\/posts\/5472\/revisions\/5517"}],"wp:featuredmedia":[{"embeddable":true,"href":"https:\/\/ruba-thermoplast.ch\/fr\/wp-json\/wp\/v2\/media\/5473"}],"wp:attachment":[{"href":"https:\/\/ruba-thermoplast.ch\/fr\/wp-json\/wp\/v2\/media?parent=5472"}],"wp:term":[{"taxonomy":"category","embeddable":true,"href":"https:\/\/ruba-thermoplast.ch\/fr\/wp-json\/wp\/v2\/categories?post=5472"},{"taxonomy":"post_tag","embeddable":true,"href":"https:\/\/ruba-thermoplast.ch\/fr\/wp-json\/wp\/v2\/tags?post=5472"}],"curies":[{"name":"wp","href":"https:\/\/api.w.org\/{rel}","templated":true}]}}