{"id":5947,"date":"2025-09-01T10:40:43","date_gmt":"2025-09-01T08:40:43","guid":{"rendered":"https:\/\/ruba-thermoplast.ch\/?p=5947"},"modified":"2025-10-15T14:12:31","modified_gmt":"2025-10-15T12:12:31","slug":"lehrlinge","status":"publish","type":"post","link":"https:\/\/ruba-thermoplast.ch\/fr\/lehrlinge\/","title":{"rendered":"Fa\u00e7onner l'avenir gr\u00e2ce \u00e0 la formation"},"content":{"rendered":"<div data-elementor-type=\"wp-post\" data-elementor-id=\"5947\" class=\"elementor elementor-5947\" data-elementor-post-type=\"post\">\n\t\t\t\t\t\t<section class=\"elementor-section elementor-top-section elementor-element elementor-element-4db11636 elementor-section-full_width elementor-section-height-min-height elementor-section-height-default elementor-section-items-middle\" data-id=\"4db11636\" data-element_type=\"section\" data-settings=\"{&quot;background_background&quot;:&quot;video&quot;,&quot;background_video_link&quot;:&quot;https:\\\/\\\/ruba-thermoplast.ch\\\/wp-content\\\/uploads\\\/2022\\\/05\\\/main.mp4&quot;,&quot;background_play_on_mobile&quot;:&quot;yes&quot;,&quot;jet_parallax_layout_list&quot;:[]}\">\n\t\t\t\t\t\t\t\t<div class=\"elementor-background-video-container\">\n\t\t\t\t\t\t\t\t\t\t\t\t\t<video class=\"elementor-background-video-hosted\" autoplay muted playsinline loop><\/video>\n\t\t\t\t\t\t\t\t\t\t\t<\/div>\n\t\t\t\t\t\t\t\t\t<div class=\"elementor-background-overlay\"><\/div>\n\t\t\t\t\t\t\t<div class=\"elementor-container elementor-column-gap-default\">\n\t\t\t\t\t<div class=\"elementor-column elementor-col-100 elementor-top-column elementor-element elementor-element-2659e489\" data-id=\"2659e489\" data-element_type=\"column\">\n\t\t\t<div class=\"elementor-widget-wrap elementor-element-populated\">\n\t\t\t\t\t\t\t<\/div>\n\t\t<\/div>\n\t\t\t\t\t<\/div>\n\t\t<\/section>\n\t\t\t\t<section class=\"elementor-section elementor-top-section elementor-element elementor-element-5e56e43a elementor-section-boxed elementor-section-height-default elementor-section-height-default\" data-id=\"5e56e43a\" data-element_type=\"section\" data-settings=\"{&quot;jet_parallax_layout_list&quot;:[],&quot;background_background&quot;:&quot;classic&quot;}\">\n\t\t\t\t\t\t<div class=\"elementor-container elementor-column-gap-default\">\n\t\t\t\t\t<div class=\"elementor-column elementor-col-100 elementor-top-column elementor-element elementor-element-748d1fb3\" data-id=\"748d1fb3\" data-element_type=\"column\">\n\t\t\t<div class=\"elementor-widget-wrap\">\n\t\t\t\t\t\t\t<\/div>\n\t\t<\/div>\n\t\t\t\t\t<\/div>\n\t\t<\/section>\n\t\t\t\t<section class=\"elementor-section elementor-top-section elementor-element elementor-element-769ef233 elementor-section-boxed elementor-section-height-default elementor-section-height-default\" data-id=\"769ef233\" data-element_type=\"section\" data-settings=\"{&quot;jet_parallax_layout_list&quot;:[],&quot;background_background&quot;:&quot;classic&quot;}\">\n\t\t\t\t\t\t<div class=\"elementor-container elementor-column-gap-default\">\n\t\t\t\t\t<div class=\"elementor-column elementor-col-100 elementor-top-column elementor-element elementor-element-ccd05b5\" data-id=\"ccd05b5\" data-element_type=\"column\">\n\t\t\t<div class=\"elementor-widget-wrap elementor-element-populated\">\n\t\t\t\t\t\t<div class=\"elementor-element elementor-element-dca07b3 elementor-headline--style-highlight elementor-widget elementor-widget-animated-headline\" data-id=\"dca07b3\" data-element_type=\"widget\" data-settings=\"{&quot;marker&quot;:&quot;curly&quot;,&quot;highlighted_text&quot;:&quot;Zukunft gestalten durch Ausbildung&quot;,&quot;headline_style&quot;:&quot;highlight&quot;,&quot;loop&quot;:&quot;yes&quot;,&quot;highlight_animation_duration&quot;:1200,&quot;highlight_iteration_delay&quot;:8000}\" data-widget_type=\"animated-headline.default\">\n\t\t\t\t<div class=\"elementor-widget-container\">\n\t\t\t\t\t\t\t<h3 class=\"elementor-headline\">\n\t\t\t\t<span class=\"elementor-headline-dynamic-wrapper elementor-headline-text-wrapper\">\n\t\t\t\t\t<span class=\"elementor-headline-dynamic-text elementor-headline-text-active\">Fa\u00e7onner l'avenir gr\u00e2ce \u00e0 la formation<\/span>\n\t\t\t\t<\/span>\n\t\t\t\t<\/h3>\n\t\t\t\t\t\t<\/div>\n\t\t\t\t<\/div>\n\t\t\t\t\t<\/div>\n\t\t<\/div>\n\t\t\t\t\t<\/div>\n\t\t<\/section>\n\t\t\t\t<section class=\"elementor-section elementor-top-section elementor-element elementor-element-780df076 elementor-section-boxed elementor-section-height-default elementor-section-height-default\" data-id=\"780df076\" data-element_type=\"section\" data-settings=\"{&quot;jet_parallax_layout_list&quot;:[],&quot;background_background&quot;:&quot;classic&quot;}\">\n\t\t\t\t\t\t<div class=\"elementor-container elementor-column-gap-default\">\n\t\t\t\t\t<div class=\"elementor-column elementor-col-50 elementor-top-column elementor-element elementor-element-11f8d242\" data-id=\"11f8d242\" data-element_type=\"column\">\n\t\t\t<div class=\"elementor-widget-wrap elementor-element-populated\">\n\t\t\t\t\t\t<div class=\"elementor-element elementor-element-351f8da5 elementor-widget elementor-widget-image\" data-id=\"351f8da5\" data-element_type=\"widget\" data-widget_type=\"image.default\">\n\t\t\t\t<div class=\"elementor-widget-container\">\n\t\t\t\t\t\t\t\t\t\t\t\t\t\t\t<img fetchpriority=\"high\" decoding=\"async\" width=\"800\" height=\"800\" src=\"https:\/\/ruba-thermoplast.ch\/wp-content\/uploads\/2025\/09\/03_03_2025-1024x1024.png\" class=\"attachment-large size-large wp-image-6243\" alt=\"\" srcset=\"https:\/\/ruba-thermoplast.ch\/wp-content\/uploads\/2025\/09\/03_03_2025-1024x1024.png 1024w, https:\/\/ruba-thermoplast.ch\/wp-content\/uploads\/2025\/09\/03_03_2025-300x300.png 300w, https:\/\/ruba-thermoplast.ch\/wp-content\/uploads\/2025\/09\/03_03_2025-150x150.png 150w, https:\/\/ruba-thermoplast.ch\/wp-content\/uploads\/2025\/09\/03_03_2025-768x768.png 768w, https:\/\/ruba-thermoplast.ch\/wp-content\/uploads\/2025\/09\/03_03_2025-1536x1536.png 1536w, https:\/\/ruba-thermoplast.ch\/wp-content\/uploads\/2025\/09\/03_03_2025-12x12.png 12w, https:\/\/ruba-thermoplast.ch\/wp-content\/uploads\/2025\/09\/03_03_2025-700x700.png 700w, https:\/\/ruba-thermoplast.ch\/wp-content\/uploads\/2025\/09\/03_03_2025.png 2000w\" sizes=\"(max-width: 800px) 100vw, 800px\" \/>\t\t\t\t\t\t\t\t\t\t\t\t\t\t\t<\/div>\n\t\t\t\t<\/div>\n\t\t\t\t\t<\/div>\n\t\t<\/div>\n\t\t\t\t<div class=\"elementor-column elementor-col-50 elementor-top-column elementor-element elementor-element-47a9f7b0\" data-id=\"47a9f7b0\" data-element_type=\"column\">\n\t\t\t<div class=\"elementor-widget-wrap elementor-element-populated\">\n\t\t\t\t\t\t<div class=\"elementor-element elementor-element-62889937 elementor-widget elementor-widget-text-editor\" data-id=\"62889937\" data-element_type=\"widget\" data-widget_type=\"text-editor.default\">\n\t\t\t\t<div class=\"elementor-widget-container\">\n\t\t\t\t\t\t\t\t\t<p>Les employ\u00e9s de commerce, souvent appel\u00e9s employ\u00e9s de bureau ou commerciaux, sont de v\u00e9ritables touche-\u00e0-tout dans de nombreuses entreprises. Ils assument des t\u00e2ches vari\u00e9es et veillent au bon d\u00e9roulement des activit\u00e9s quotidiennes.<\/p><p>Nous aussi, nous formons des apprentis et nous sommes ravis d'accueillir notre jeune renfort :<\/p><ul><li><u>Monsieur Finn Thurnherr <\/u><\/li><\/ul><p>Finn a commenc\u00e9 sa derni\u00e8re ann\u00e9e d'apprentissage cet \u00e9t\u00e9 et a beaucoup \u00e9volu\u00e9 tant sur le plan professionnel que personnel. Au cours des prochains mois, des d\u00e9fis passionnants l'attendent, qui lui permettront non seulement d'approfondir ses connaissances, mais aussi d'assumer la responsabilit\u00e9 de la formation de notre nouvelle apprentie, Loredana.<\/p><ul><li><u>Madame Loredana Zbinden<\/u><\/li><\/ul><p>Loredana a commenc\u00e9 il y a quelques semaines sa formation de trois ans chez nous et apporte d\u00e9j\u00e0 un vent de fra\u00eecheur \u00e0 notre \u00e9quipe. Bien qu'elle n'en soit qu'au d\u00e9but de sa formation, elle fait preuve d'un grand engagement et d'une grande vivacit\u00e9 d'esprit. Au cours des prochaines ann\u00e9es, Loredana va non seulement d\u00e9velopper ses comp\u00e9tences professionnelles, mais aussi acqu\u00e9rir une exp\u00e9rience pr\u00e9cieuse.\u00a0<\/p><p>Notre formatrice professionnelle, Mme Sascha Jauslin, accompagne, soutient et conseille Loredana et Finn pendant cette p\u00e9riode afin qu'ils soient parfaitement pr\u00e9par\u00e9s \u00e0 leur entr\u00e9e dans la vie professionnelle.<\/p>\t\t\t\t\t\t\t\t<\/div>\n\t\t\t\t<\/div>\n\t\t\t\t\t<\/div>\n\t\t<\/div>\n\t\t\t\t\t<\/div>\n\t\t<\/section>\n\t\t\t\t<section class=\"elementor-section elementor-top-section elementor-element elementor-element-f5a5a2d elementor-section-boxed elementor-section-height-default elementor-section-height-default\" data-id=\"f5a5a2d\" data-element_type=\"section\" data-settings=\"{&quot;jet_parallax_layout_list&quot;:[],&quot;background_background&quot;:&quot;classic&quot;}\">\n\t\t\t\t\t\t<div class=\"elementor-container elementor-column-gap-default\">\n\t\t\t\t\t<div class=\"elementor-column elementor-col-100 elementor-top-column elementor-element elementor-element-ddd24bf\" data-id=\"ddd24bf\" data-element_type=\"column\">\n\t\t\t<div class=\"elementor-widget-wrap elementor-element-populated\">\n\t\t\t\t\t\t<div class=\"elementor-element elementor-element-4e2fb0d elementor-widget-divider--view-line_icon elementor-view-default elementor-widget-divider--element-align-center elementor-widget elementor-widget-divider\" data-id=\"4e2fb0d\" data-element_type=\"widget\" data-widget_type=\"divider.default\">\n\t\t\t\t<div class=\"elementor-widget-container\">\n\t\t\t\t\t\t\t<div class=\"elementor-divider\">\n\t\t\t<span class=\"elementor-divider-separator\">\n\t\t\t\t\t\t\t<div class=\"elementor-icon elementor-divider__element\">\n\t\t\t\t\t<i aria-hidden=\"true\" class=\"far fa-handshake\"><\/i><\/div>\n\t\t\t\t\t\t<\/span>\n\t\t<\/div>\n\t\t\t\t\t\t<\/div>\n\t\t\t\t<\/div>\n\t\t\t\t<div class=\"elementor-element elementor-element-d1e9fe1 elementor-headline--style-highlight elementor-widget elementor-widget-animated-headline\" data-id=\"d1e9fe1\" data-element_type=\"widget\" data-settings=\"{&quot;highlighted_text&quot;:&quot;Finn&#039;s Videos:&quot;,&quot;headline_style&quot;:&quot;highlight&quot;,&quot;marker&quot;:&quot;circle&quot;,&quot;loop&quot;:&quot;yes&quot;,&quot;highlight_animation_duration&quot;:1200,&quot;highlight_iteration_delay&quot;:8000}\" data-widget_type=\"animated-headline.default\">\n\t\t\t\t<div class=\"elementor-widget-container\">\n\t\t\t\t\t\t\t<h3 class=\"elementor-headline\">\n\t\t\t\t<span class=\"elementor-headline-dynamic-wrapper elementor-headline-text-wrapper\">\n\t\t\t\t\t<span class=\"elementor-headline-dynamic-text elementor-headline-text-active\">Les vid\u00e9os de Finn:<\/span>\n\t\t\t\t<\/span>\n\t\t\t\t<\/h3>\n\t\t\t\t\t\t<\/div>\n\t\t\t\t<\/div>\n\t\t\t\t<div class=\"elementor-element elementor-element-2ed887b elementor-widget elementor-widget-text-editor\" data-id=\"2ed887b\" data-element_type=\"widget\" data-widget_type=\"text-editor.default\">\n\t\t\t\t<div class=\"elementor-widget-container\">\n\t\t\t\t\t\t\t\t\t<p>Dans le cadre de sa formation, Finn a r\u00e9alis\u00e9 plusieurs vid\u00e9os sur notre entreprise. Il y pr\u00e9sente nos diff\u00e9rents d\u00e9partements, montre notre m\u00e9thode de travail en tant qu'entreprise formatrice et donne un aper\u00e7u passionnant de nos produits et services.<\/p><p>Cette t\u00e2che lui a permis de prouver ses comp\u00e9tences dans les domaines de la conception m\u00e9diatique, de l'organisation de projets et de la pr\u00e9sentation d'entreprise.<\/p>\t\t\t\t\t\t\t\t<\/div>\n\t\t\t\t<\/div>\n\t\t\t\t\t<\/div>\n\t\t<\/div>\n\t\t\t\t\t<\/div>\n\t\t<\/section>\n\t\t\t\t<section class=\"elementor-section elementor-top-section elementor-element elementor-element-0498b5c elementor-section-boxed elementor-section-height-default elementor-section-height-default\" data-id=\"0498b5c\" data-element_type=\"section\" data-settings=\"{&quot;jet_parallax_layout_list&quot;:[],&quot;background_background&quot;:&quot;classic&quot;}\">\n\t\t\t\t\t\t<div class=\"elementor-container elementor-column-gap-default\">\n\t\t\t\t\t<div class=\"elementor-column elementor-col-33 elementor-top-column elementor-element elementor-element-17e8277\" data-id=\"17e8277\" data-element_type=\"column\">\n\t\t\t<div class=\"elementor-widget-wrap elementor-element-populated\">\n\t\t\t\t\t\t<div class=\"elementor-element elementor-element-a73dfbd elementor-widget elementor-widget-video\" data-id=\"a73dfbd\" data-element_type=\"widget\" data-settings=\"{&quot;youtube_url&quot;:&quot;https:\\\/\\\/youtu.be\\\/AItFI8XKlJQ&quot;,&quot;video_type&quot;:&quot;youtube&quot;,&quot;controls&quot;:&quot;yes&quot;}\" data-widget_type=\"video.default\">\n\t\t\t\t<div class=\"elementor-widget-container\">\n\t\t\t\t\t\t\t<div class=\"elementor-wrapper elementor-open-inline\">\n\t\t\t<div class=\"elementor-video\"><\/div>\t\t<\/div>\n\t\t\t\t\t\t<\/div>\n\t\t\t\t<\/div>\n\t\t\t\t<div class=\"elementor-element elementor-element-e7bd8c7 elementor-widget elementor-widget-heading\" data-id=\"e7bd8c7\" data-element_type=\"widget\" data-widget_type=\"heading.default\">\n\t\t\t\t<div class=\"elementor-widget-container\">\n\t\t\t\t\t<h3 class=\"elementor-heading-title elementor-size-default\">Aper\u00e7u de nos d\u00e9partements<\/h3>\t\t\t\t<\/div>\n\t\t\t\t<\/div>\n\t\t\t\t<div class=\"elementor-element elementor-element-f1fd02e elementor-widget__width-initial elementor-widget elementor-widget-text-editor\" data-id=\"f1fd02e\" data-element_type=\"widget\" data-widget_type=\"text-editor.default\">\n\t\t\t\t<div class=\"elementor-widget-container\">\n\t\t\t\t\t\t\t\t\t<p>Ce film vous offre un aper\u00e7u complet des diff\u00e9rents d\u00e9partements de RUBA Thermoplast AG. Vous d\u00e9couvrirez le travail de nos \u00e9quipes engag\u00e9es, de l'administration \u00e0 la production et au contr\u00f4le qualit\u00e9, en passant par la fabrication d'outils et la comptabilit\u00e9. Chaque d\u00e9partement est bri\u00e8vement pr\u00e9sent\u00e9 afin de vous montrer la pr\u00e9cision et la diversit\u00e9 de nos processus.<\/p>\t\t\t\t\t\t\t\t<\/div>\n\t\t\t\t<\/div>\n\t\t\t\t\t<\/div>\n\t\t<\/div>\n\t\t\t\t<div class=\"elementor-column elementor-col-33 elementor-top-column elementor-element elementor-element-96c2984\" data-id=\"96c2984\" data-element_type=\"column\">\n\t\t\t<div class=\"elementor-widget-wrap elementor-element-populated\">\n\t\t\t\t\t\t<div class=\"elementor-element elementor-element-7553f95 elementor-widget elementor-widget-video\" data-id=\"7553f95\" data-element_type=\"widget\" data-settings=\"{&quot;youtube_url&quot;:&quot;https:\\\/\\\/youtu.be\\\/LLkEZRDxrXc&quot;,&quot;video_type&quot;:&quot;youtube&quot;,&quot;controls&quot;:&quot;yes&quot;}\" data-widget_type=\"video.default\">\n\t\t\t\t<div class=\"elementor-widget-container\">\n\t\t\t\t\t\t\t<div class=\"elementor-wrapper elementor-open-inline\">\n\t\t\t<div class=\"elementor-video\"><\/div>\t\t<\/div>\n\t\t\t\t\t\t<\/div>\n\t\t\t\t<\/div>\n\t\t\t\t<div class=\"elementor-element elementor-element-5346b1e elementor-widget elementor-widget-heading\" data-id=\"5346b1e\" data-element_type=\"widget\" data-widget_type=\"heading.default\">\n\t\t\t\t<div class=\"elementor-widget-container\">\n\t\t\t\t\t<h3 class=\"elementor-heading-title elementor-size-default\">Nous sommes une entreprise formatrice!<\/h3>\t\t\t\t<\/div>\n\t\t\t\t<\/div>\n\t\t\t\t<div class=\"elementor-element elementor-element-b9cdc72 elementor-widget elementor-widget-text-editor\" data-id=\"b9cdc72\" data-element_type=\"widget\" data-widget_type=\"text-editor.default\">\n\t\t\t\t<div class=\"elementor-widget-container\">\n\t\t\t\t\t\t\t\t\t<p>Dans cette vid\u00e9o, nous vous pr\u00e9sentons les nombreuses possibilit\u00e9s de formation chez RUBA Thermoplast AG. Que ce soit en tant qu'employ\u00e9(e) de commerce, praticien(ne) en mati\u00e8res plastiques (AFP, 2 ans) ou technologue en mati\u00e8res plastiques (CFC, 4 ans), d\u00e9couvrez des m\u00e9tiers passionnants aux t\u00e2ches vari\u00e9es. D\u00e9couvrez le quotidien de nos apprentis et les avantages dont vous b\u00e9n\u00e9ficierez pendant votre formation.<\/p><p>Vous trouverez de plus amples informations <strong><a href=\"https:\/\/ruba-thermoplast.ch\/fr\/offene-lehrstellen\/\">ici!<\/a><\/strong><\/p>\t\t\t\t\t\t\t\t<\/div>\n\t\t\t\t<\/div>\n\t\t\t\t\t<\/div>\n\t\t<\/div>\n\t\t\t\t<div class=\"elementor-column elementor-col-33 elementor-top-column elementor-element elementor-element-b00e59c\" data-id=\"b00e59c\" data-element_type=\"column\">\n\t\t\t<div class=\"elementor-widget-wrap elementor-element-populated\">\n\t\t\t\t\t\t<div class=\"elementor-element elementor-element-4216264 elementor-widget elementor-widget-video\" data-id=\"4216264\" data-element_type=\"widget\" data-settings=\"{&quot;youtube_url&quot;:&quot;https:\\\/\\\/youtu.be\\\/GTokdFPjugk&quot;,&quot;video_type&quot;:&quot;youtube&quot;,&quot;controls&quot;:&quot;yes&quot;}\" data-widget_type=\"video.default\">\n\t\t\t\t<div class=\"elementor-widget-container\">\n\t\t\t\t\t\t\t<div class=\"elementor-wrapper elementor-open-inline\">\n\t\t\t<div class=\"elementor-video\"><\/div>\t\t<\/div>\n\t\t\t\t\t\t<\/div>\n\t\t\t\t<\/div>\n\t\t\t\t<div class=\"elementor-element elementor-element-d975b1c elementor-widget elementor-widget-heading\" data-id=\"d975b1c\" data-element_type=\"widget\" data-widget_type=\"heading.default\">\n\t\t\t\t<div class=\"elementor-widget-container\">\n\t\t\t\t\t<h3 class=\"elementor-heading-title elementor-size-default\">Zoom sur nos produits et services<\/h3>\t\t\t\t<\/div>\n\t\t\t\t<\/div>\n\t\t\t\t<div class=\"elementor-element elementor-element-7ff6643 elementor-widget elementor-widget-text-editor\" data-id=\"7ff6643\" data-element_type=\"widget\" data-widget_type=\"text-editor.default\">\n\t\t\t\t<div class=\"elementor-widget-container\">\n\t\t\t\t\t\t\t\t\t<p>Dans cette vid\u00e9o, nous vous pr\u00e9sentons la gamme vari\u00e9e de produits de RUBA Thermoplast AG. Vous d\u00e9couvrirez la fabrication de plus de 350 bouchons en plastique diff\u00e9rents dans plusieurs gammes de produits, y compris les logos personnalis\u00e9s des clients. Vous en apprendrez \u00e9galement davantage sur nos normes de qualit\u00e9 \u00e9lev\u00e9es, nos certifications et notre production durable. D\u00e9couvrez \u00e9galement ce qui rend nos travaux \u00e0 fa\u00e7on si particuliers et comment nous pouvons r\u00e9pondre \u00e0 vos souhaits.<\/p><p>Vous trouverez plus de d\u00e9tails sur notre gamme de produits <a href=\"https:\/\/ruba-thermoplast.ch\/fr\/produkte\/\">ici!<\/a><strong>\u00a0<\/strong><\/p>\t\t\t\t\t\t\t\t<\/div>\n\t\t\t\t<\/div>\n\t\t\t\t\t<\/div>\n\t\t<\/div>\n\t\t\t\t\t<\/div>\n\t\t<\/section>\n\t\t\t\t<section class=\"elementor-section elementor-top-section elementor-element elementor-element-c3774dd elementor-section-boxed elementor-section-height-default elementor-section-height-default\" data-id=\"c3774dd\" data-element_type=\"section\" data-settings=\"{&quot;jet_parallax_layout_list&quot;:[],&quot;background_background&quot;:&quot;classic&quot;}\">\n\t\t\t\t\t\t<div class=\"elementor-container elementor-column-gap-default\">\n\t\t\t\t\t<div class=\"elementor-column elementor-col-100 elementor-top-column elementor-element elementor-element-0ec7079\" data-id=\"0ec7079\" data-element_type=\"column\">\n\t\t\t<div class=\"elementor-widget-wrap elementor-element-populated\">\n\t\t\t\t\t\t<div class=\"elementor-element elementor-element-c5c3028 elementor-widget elementor-widget-text-editor\" data-id=\"c5c3028\" data-element_type=\"widget\" data-widget_type=\"text-editor.default\">\n\t\t\t\t<div class=\"elementor-widget-container\">\n\t\t\t\t\t\t\t\t\t<p data-start=\"373\" data-end=\"573\">Nous tenons \u00e0 remercier chaleureusement Finn !\ud83c\udf89 Nous sommes absolument ravis de son engagement et de sa cr\u00e9ativit\u00e9.<\/p><p data-start=\"373\" data-end=\"573\">Un r\u00e9sultat vraiment impressionnant ! \ud83d\udc4f<\/p>\t\t\t\t\t\t\t\t<\/div>\n\t\t\t\t<\/div>\n\t\t\t\t<div class=\"elementor-element elementor-element-4eeae8da elementor-align-center elementor-widget elementor-widget-button\" data-id=\"4eeae8da\" data-element_type=\"widget\" data-widget_type=\"button.default\">\n\t\t\t\t<div class=\"elementor-widget-container\">\n\t\t\t\t\t\t\t\t\t<div class=\"elementor-button-wrapper\">\n\t\t\t\t\t<a class=\"elementor-button elementor-button-link elementor-size-xs\" href=\"https:\/\/ruba-thermoplast.ch\/fr\/newsletter3\/\">\n\t\t\t\t\t\t<span class=\"elementor-button-content-wrapper\">\n\t\t\t\t\t\t\t\t\t<span class=\"elementor-button-text\">retour<\/span>\n\t\t\t\t\t<\/span>\n\t\t\t\t\t<\/a>\n\t\t\t\t<\/div>\n\t\t\t\t\t\t\t\t<\/div>\n\t\t\t\t<\/div>\n\t\t\t\t\t<\/div>\n\t\t<\/div>\n\t\t\t\t\t<\/div>\n\t\t<\/section>\n\t\t\t\t<section class=\"elementor-section elementor-top-section elementor-element elementor-element-a7bbdd1 elementor-section-boxed elementor-section-height-default elementor-section-height-default\" data-id=\"a7bbdd1\" data-element_type=\"section\" data-settings=\"{&quot;jet_parallax_layout_list&quot;:[]}\">\n\t\t\t\t\t\t<div class=\"elementor-container elementor-column-gap-default\">\n\t\t\t\t\t<div class=\"elementor-column elementor-col-100 elementor-top-column elementor-element elementor-element-fc05050\" data-id=\"fc05050\" data-element_type=\"column\">\n\t\t\t<div class=\"elementor-widget-wrap\">\n\t\t\t\t\t\t\t<\/div>\n\t\t<\/div>\n\t\t\t\t\t<\/div>\n\t\t<\/section>\n\t\t\t\t<\/div>","protected":false},"excerpt":{"rendered":"<p>Loredana und Finn:<br \/>\nkreativ, frisch und voller Ideen! <\/p>","protected":false},"author":5,"featured_media":6243,"comment_status":"closed","ping_status":"closed","sticky":false,"template":"","format":"standard","meta":{"footnotes":""},"categories":[40],"tags":[],"class_list":["post-5947","post","type-post","status-publish","format-standard","has-post-thumbnail","hentry","category-oktober-2025"],"_links":{"self":[{"href":"https:\/\/ruba-thermoplast.ch\/fr\/wp-json\/wp\/v2\/posts\/5947","targetHints":{"allow":["GET"]}}],"collection":[{"href":"https:\/\/ruba-thermoplast.ch\/fr\/wp-json\/wp\/v2\/posts"}],"about":[{"href":"https:\/\/ruba-thermoplast.ch\/fr\/wp-json\/wp\/v2\/types\/post"}],"author":[{"embeddable":true,"href":"https:\/\/ruba-thermoplast.ch\/fr\/wp-json\/wp\/v2\/users\/5"}],"replies":[{"embeddable":true,"href":"https:\/\/ruba-thermoplast.ch\/fr\/wp-json\/wp\/v2\/comments?post=5947"}],"version-history":[{"count":120,"href":"https:\/\/ruba-thermoplast.ch\/fr\/wp-json\/wp\/v2\/posts\/5947\/revisions"}],"predecessor-version":[{"id":6277,"href":"https:\/\/ruba-thermoplast.ch\/fr\/wp-json\/wp\/v2\/posts\/5947\/revisions\/6277"}],"wp:featuredmedia":[{"embeddable":true,"href":"https:\/\/ruba-thermoplast.ch\/fr\/wp-json\/wp\/v2\/media\/6243"}],"wp:attachment":[{"href":"https:\/\/ruba-thermoplast.ch\/fr\/wp-json\/wp\/v2\/media?parent=5947"}],"wp:term":[{"taxonomy":"category","embeddable":true,"href":"https:\/\/ruba-thermoplast.ch\/fr\/wp-json\/wp\/v2\/categories?post=5947"},{"taxonomy":"post_tag","embeddable":true,"href":"https:\/\/ruba-thermoplast.ch\/fr\/wp-json\/wp\/v2\/tags?post=5947"}],"curies":[{"name":"wp","href":"https:\/\/api.w.org\/{rel}","templated":true}]}}